{"id":209,"__str__":"Ordem do Dia/Expediente: 4 - Mo\u00e7\u00e3o de Pesar n\u00ba 14 de 2018 em 46\u00aa Ordin\u00e1ria da 2\u00aa Sess\u00e3o Legislativa da 14\u00aa Legislatura","link_detail_backend":"/sessao/expedientemateria/209","metadata":{},"data_ordem":"2018-05-07","observacao":"CONSIGNA\u00c7\u00c3O NA ATA DA PROMO\u00c7\u00c3O DO MILITAR RAFAEL GUELLER A CAPIT\u00c3O OCORRIDA NA \u00daLTIMA SEMANA DE ABRIL.","numero_ordem":4,"resultado":"","tipo_votacao":1,"votacao_aberta":null,"registro_aberto":null,"sessao_plenaria":76,"materia":460,"tramitacao":null}