{"id":62,"__str__":"Parecer n\u00ba 16 de 2016 | Proposi\u00e7\u00e3o apresentada em Plen\u00e1rio | 13/10/2016","link_detail_backend":"/materia/tramitacao/62","metadata":{},"timestamp":"2018-10-18T11:03:37.033545-03:00","data_tramitacao":"2016-10-13","data_encaminhamento":"2016-10-13","urgente":false,"turno":"U","texto":"MAT\u00c9RIA INCLUSA NA REUNI\u00c3O DA PR\u00d3XIMA SEGUNDA-FEIRA DIA 17.","data_fim_prazo":"2016-10-13","ip":"","ultima_edicao":null,"status":28,"materia":91,"unidade_tramitacao_local":1,"unidade_tramitacao_destino":4,"user":null}