{"id":40,"__str__":"Parecer n\u00ba 15 de 2016 | Proposi\u00e7\u00e3o apresentada em Plen\u00e1rio | 05/09/2016","link_detail_backend":"/materia/tramitacao/40","metadata":{},"timestamp":"2018-10-18T11:03:37.031714-03:00","data_tramitacao":"2016-09-05","data_encaminhamento":"2016-09-05","urgente":true,"turno":"U","texto":"INCLU\u00cdDA NA ORDEM DO DIA.","data_fim_prazo":"2016-09-05","ip":"","ultima_edicao":null,"status":28,"materia":70,"unidade_tramitacao_local":1,"unidade_tramitacao_destino":4,"user":null}