{"id":33,"__str__":"Projeto de Lei Ordin\u00e1ria CM n\u00ba 8 de 2016 | Adiada discuss\u00e3o e vota\u00e7\u00e3o. | 29/08/2016","link_detail_backend":"/materia/tramitacao/33","metadata":{},"timestamp":"2018-10-18T11:03:37.031210-03:00","data_tramitacao":"2016-08-29","data_encaminhamento":"2016-08-29","urgente":true,"turno":"U","texto":"Inclus\u00e3o na pauta sess\u00e3o extraordin\u00e1ria quarta-feira, dia 31-08-2016.","data_fim_prazo":"2016-08-29","ip":"","ultima_edicao":null,"status":48,"materia":48,"unidade_tramitacao_local":4,"unidade_tramitacao_destino":6,"user":null}