{"id":107,"__str__":"Requerimento Interno n\u00ba 5 de 2017 | Proposi\u00e7\u00e3o apresentada em Plen\u00e1rio | 15/03/2017","link_detail_backend":"/materia/tramitacao/107","metadata":{},"timestamp":"2018-10-18T11:03:37.036632-03:00","data_tramitacao":"2017-03-15","data_encaminhamento":"2017-03-16","urgente":true,"turno":"U","texto":"INCLUSA NA ORDEM DO DIA DA PR\u00d3XIMA REUNI\u00c3O.","data_fim_prazo":"2017-03-20","ip":"","ultima_edicao":null,"status":28,"materia":173,"unidade_tramitacao_local":1,"unidade_tramitacao_destino":4,"user":null}