{"id":763,"__str__":"Mo\u00e7\u00e3o de Pesar n\u00ba 31 de 2019","link_detail_backend":"/materia/763","metadata":{},"numero":31,"ano":2019,"numero_protocolo":null,"data_apresentacao":"2019-11-08","tipo_apresentacao":"","data_publicacao":null,"numero_origem_externa":"","ano_origem_externa":null,"data_origem_externa":null,"apelido":"","dias_prazo":null,"data_fim_prazo":null,"em_tramitacao":false,"polemica":null,"objeto":"","complementar":null,"ementa":"Votos de protestos pelo processo de privatiza\u00e7\u00e3o da ECT - Empresa Brasileira de Correios e Tel\u00e9grafos, iniciado pelo atual Ministro da Economia Paulo Roberto Nunes Guedes, do Governo do BOLSONARO.","indexacao":"","observacao":"","resultado":"","texto_original":"http://sapl.formosadooeste.pr.leg.br/media/sapl/public/materialegislativa/2019/763/mocao_31-19.pdf","data_ultima_atualizacao":"2019-11-08T15:13:45.079569-03:00","ip":"187.54.7.50","ultima_edicao":null,"tipo":7,"regime_tramitacao":1,"tipo_origem_externa":null,"local_origem_externa":null,"user":29,"anexadas":[],"autores":[64]}