{"id":1042,"__str__":"Autoria: Josu\u00e9 Ferraz da Silva - Indica\u00e7\u00e3o n\u00ba 8 de 2023","link_detail_backend":"/materia/autoria/1042","metadata":{},"primeiro_autor":true,"autor":4,"materia":1157}